{"id":424,"date":"2026-08-19T13:46:33","date_gmt":"2026-08-19T11:46:33","guid":{"rendered":"https:\/\/kolonie-frischauf-spandau.de\/wordpress\/?p=424"},"modified":"2026-08-19T13:46:33","modified_gmt":"2026-08-19T11:46:33","slug":"ratten","status":"publish","type":"post","link":"https:\/\/kolonie-frischauf-spandau.de\/wordpress\/2026\/08\/19\/ratten\/","title":{"rendered":"Ratten"},"content":{"rendered":"<p style=\"text-align: center\">Liebe Gartenfreundinnen und Gartenfreunde,<\/p>\n<p style=\"text-align: center\">aufgrund mehrfacher Meldungen \u00fcber Rattensichtungen \u2013 teilweise auch am Tage \u2013 haben wir eine Fachfirma mit der professionellen Sch\u00e4dlingsbek\u00e4mpfung beauftragt. Aktuell wurden zwei m\u00f6gliche Nester identifiziert, die nun gezielt behandelt werden.<\/p>\n<p style=\"text-align: center\">Bitte beachtet dazu folgende wichtige Sicherheits- und Verhaltenshinweise:<\/p>\n<ul style=\"text-align: center\">\n<li><strong>K\u00f6derboxen unber\u00fchrt lassen:<\/strong> Die ausgelegten K\u00f6derboxen d\u00fcrfen auf keinen Fall angefasst oder entfernt werden. Die darin enthaltenen Wirkstoffe wirken langsam und f\u00fchren dazu, dass die Tiere friedlich einschlafen.<\/li>\n<li><strong>Fund von toten Tieren melden:<\/strong> Solltet ihr eine tote Ratte finden, lasst diese bitte nicht liegen. Meldet den Fund umgehend einem Vorstandsmitglied. Wir k\u00fcmmern uns um die schnelle und fachgerechte Entsorgung \u00fcber den Hausm\u00fcll.<\/li>\n<li><strong>Verdacht auf Nester im eigenen Garten:<\/strong> Wer in seinem Garten Erdl\u00f6cher entdeckt, die auf ein Rattennest hindeuten k\u00f6nnten, meldet dies bitte ebenfalls direkt an uns. Wir behandeln alle Meldungen absolut vertraulich und sprechen das weitere Vorgehen individuell mit euch ab.<\/li>\n<\/ul>\n<p style=\"text-align: center\">Es liegt in unser aller Interesse, dieses Problem schnell und dauerhaft in den Griff zu bekommen. Ein entscheidender Faktor dabei ist die Sauberkeit und Pflege unserer gesamten Anlage.<\/p>\n<p style=\"text-align: center\"><strong>Aufruf zur Gemeinschaftsarbeit: Pflege unbewirtschafteter Parzellen<\/strong><\/p>\n<p style=\"text-align: center\">Ratten suchen sich bevorzugt Unterschl\u00fcpfe in ungenutzten und verwilderten Bereichen. Wenn wir die aktuell nicht bewirtschafteten Parzellen nicht oder nur unzureichend pflegen, wird das Rattenproblem immer wiederkehren. Daher m\u00fcssen diese Fl\u00e4chen im Rahmen der Gemeinschaftsarbeit regelm\u00e4\u00dfig mitgepflegt werden. Das funktioniert jedoch nur, wenn sich wirklich alle aktiv beteiligen!<\/p>\n<p style=\"text-align: center\">Es gibt genug zu tun. Aktuell suchen wir dringend Unterst\u00fctzung f\u00fcr:<\/p>\n<ul style=\"text-align: center\">\n<li><strong>Entsorgungsfahrten zur BSR:<\/strong> Wer bereit ist, Fahrten zu \u00fcbernehmen, meldet sich bitte telefonisch bei Bianka oder kommt zur Vorstandssprechstunde.<\/li>\n<li><strong>Individueller Einsatz:<\/strong> Wer sich au\u00dferhalb der regul\u00e4ren Gemeinschaftsarbeit aktiv in die Pflege des Vereinsgel\u00e4ndes einbringen m\u00f6chte, kann uns gern ansprechen \u2013 wir finden f\u00fcr alles eine passende L\u00f6sung.<\/li>\n<\/ul>\n<p>&nbsp;<\/p>\n<p style=\"text-align: center\"><strong>Neues Team f\u00fcr die Gemeinschaftsarbeit 2027 gesucht<\/strong><\/p>\n<p style=\"text-align: center\">F\u00fcr das Jahr 2027 werden zwei neue Verantwortliche gesucht, welche die Organisation der Gemeinschaftsarbeit \u00fcbernehmen. Axel und Wolfgang werden diese Aufgabe im n\u00e4chsten Jahr nicht mehr aus\u00fcben. Wir danken beiden schon jetzt f\u00fcr ihren Einsatz! Wer Interesse an dieser wichtigen Aufgabe hat, meldet sich bitte beim Vorstand.<\/p>\n<p>&nbsp;<\/p>\n<p style=\"text-align: center\">Nur gemeinsam halten wir unsere Anlage sauber, sicher und sch\u00e4dlingsfrei.<\/p>\n<p style=\"text-align: center\">Vielen Dank f\u00fcr eure Mithilfe und euer Verst\u00e4ndnis!<\/p>\n<p style=\"text-align: center\">Mit g\u00e4rtnerischen Gr\u00fc\u00dfen,<\/p>\n<p style=\"text-align: center\">Der Vorstand<\/p>\n","protected":false},"excerpt":{"rendered":"<p>Liebe Gartenfreundinnen und Gartenfreunde, aufgrund mehrfacher Meldungen \u00fcber Rattensichtungen \u2013 teilweise auch am Tage \u2013 haben wir eine Fachfirma mit der professionellen Sch\u00e4dlingsbek\u00e4mpfung beauftragt. Aktuell wurden zwei m\u00f6gliche Nester identifiziert, die nun gezielt behandelt werden. Bitte beachtet dazu folgende wichtige Sicherheits- und Verhaltenshinweise: K\u00f6derboxen unber\u00fchrt lassen: Die ausgelegten K\u00f6derboxen d\u00fcrfen auf keinen Fall angefasst oder [&hellip;]<\/p>\n","protected":false},"author":2,"featured_media":0,"comment_status":"closed","ping_status":"open","sticky":false,"template":"","format":"standard","meta":{"footnotes":""},"categories":[1],"tags":[],"class_list":["post-424","post","type-post","status-publish","format-standard","hentry","category-allgemein"],"_links":{"self":[{"href":"https:\/\/kolonie-frischauf-spandau.de\/wordpress\/wp-json\/wp\/v2\/posts\/424","targetHints":{"allow":["GET"]}}],"collection":[{"href":"https:\/\/kolonie-frischauf-spandau.de\/wordpress\/wp-json\/wp\/v2\/posts"}],"about":[{"href":"https:\/\/kolonie-frischauf-spandau.de\/wordpress\/wp-json\/wp\/v2\/types\/post"}],"author":[{"embeddable":true,"href":"https:\/\/kolonie-frischauf-spandau.de\/wordpress\/wp-json\/wp\/v2\/users\/2"}],"replies":[{"embeddable":true,"href":"https:\/\/kolonie-frischauf-spandau.de\/wordpress\/wp-json\/wp\/v2\/comments?post=424"}],"version-history":[{"count":1,"href":"https:\/\/kolonie-frischauf-spandau.de\/wordpress\/wp-json\/wp\/v2\/posts\/424\/revisions"}],"predecessor-version":[{"id":425,"href":"https:\/\/kolonie-frischauf-spandau.de\/wordpress\/wp-json\/wp\/v2\/posts\/424\/revisions\/425"}],"wp:attachment":[{"href":"https:\/\/kolonie-frischauf-spandau.de\/wordpress\/wp-json\/wp\/v2\/media?parent=424"}],"wp:term":[{"taxonomy":"category","embeddable":true,"href":"https:\/\/kolonie-frischauf-spandau.de\/wordpress\/wp-json\/wp\/v2\/categories?post=424"},{"taxonomy":"post_tag","embeddable":true,"href":"https:\/\/kolonie-frischauf-spandau.de\/wordpress\/wp-json\/wp\/v2\/tags?post=424"}],"curies":[{"name":"wp","href":"https:\/\/api.w.org\/{rel}","templated":true}]}}